{"id":63724,"date":"2026-08-31T13:47:11","date_gmt":"2026-08-31T11:47:11","guid":{"rendered":"https:\/\/www.dreamville.cz\/?p=63724"},"modified":"2026-08-31T13:47:11","modified_gmt":"2026-08-31T11:47:11","slug":"mezigeneracni-bydleni-v-praze-nove-reseni-pro-studenty","status":"publish","type":"post","link":"https:\/\/www.dreamville.cz\/cs\/mezigeneracni-bydleni-v-praze-nove-reseni-pro-studenty\/","title":{"rendered":"Mezigenera\u010dn\u00ed bydlen\u00ed v Praze: nov\u00e9 \u0159e\u0161en\u00ed pro studenty"},"content":{"rendered":"<h2>Alternativa k tradi\u010dn\u00edmu trhu s n\u00e1jemn\u00edm bydlen\u00edm<\/h2>\n<p><strong>Mezigenera\u010dn\u00ed bydlen\u00ed v Praze<\/strong> se st\u00e1v\u00e1 alternativou pro studenty, kte\u0159\u00ed hledaj\u00ed cenov\u011b dostupn\u011bj\u0161\u00ed ubytov\u00e1n\u00ed v \u010desk\u00e9 metropoli. V reakci na rostouc\u00ed tlak na m\u00edstn\u00edm trhu s bydlen\u00edm za\u010dalo n\u011bkolik pra\u017esk\u00fdch m\u011bstsk\u00fdch \u010d\u00e1st\u00ed zkou\u0161et model, kter\u00fd nab\u00edz\u00ed student\u016fm levn\u011bj\u0161\u00ed byty v za\u0159\u00edzen\u00edch pro seniory v\u00fdm\u011bnou za \u010das v\u011bnovan\u00fd spole\u010dnosti a spole\u010dn\u00fdm aktivit\u00e1m. C\u00edlem t\u00e9to iniciativy je \u0159e\u0161it dv\u011b pot\u0159eby sou\u010dasn\u011b: zp\u0159\u00edstupnit bydlen\u00ed mlad\u00fdm lidem a z\u00e1rove\u0148 pomoci omezit soci\u00e1ln\u00ed izolaci star\u0161\u00edch obyvatel.<\/p>\n<h2>Jak funguje model mezigenera\u010dn\u00edho bydlen\u00ed<\/h2>\n<p>Studenti zapojen\u00ed do t\u011bchto program\u016f neposkytuj\u00ed zdravotn\u00ed ani odbornou p\u00e9\u010di. Jejich p\u0159\u00ednos spo\u010d\u00edv\u00e1 p\u0159edev\u0161\u00edm v tom, \u017ee tr\u00e1v\u00ed \u010das se seniory, doprov\u00e1zej\u00ed je na proch\u00e1zk\u00e1ch, \u00fa\u010dastn\u00ed se spole\u010dn\u00fdch aktivit nebo jim pom\u00e1haj\u00ed s pou\u017e\u00edv\u00e1n\u00edm telefon\u016f a po\u010d\u00edta\u010d\u016f. V Praze 3, kter\u00e1 pat\u0159ila mezi prvn\u00ed m\u011bstsk\u00e9 \u010d\u00e1sti, je\u017e tento projekt zavedly, m\u011bli studenti v\u011bnovat obyvatel\u016fm alespo\u0148 30 hodin m\u011bs\u00ed\u010dn\u011b. V roce 2023 se garsonka o rozloze p\u0159ibli\u017en\u011b 35 metr\u016f \u010dtvere\u010dn\u00edch pronaj\u00edmala za zhruba 4 000 K\u010d m\u011bs\u00ed\u010dn\u011b plus 2 000 K\u010d za dal\u0161\u00ed n\u00e1klady.<\/p>\n<h2>Programy se roz\u0161i\u0159uj\u00ed do n\u011bkolika pra\u017esk\u00fdch m\u011bstsk\u00fdch \u010d\u00e1st\u00ed<\/h2>\n<p>Iniciativy mezigenera\u010dn\u00edho bydlen\u00ed jsou v sou\u010dasnosti p\u0159\u00edtomn\u00e9 v Praze 1, 3, 4, 5, 6 a 7, i kdy\u017e podm\u00ednky a po\u017eadovan\u00fd po\u010det hodin se v jednotliv\u00fdch m\u011bstsk\u00fdch \u010d\u00e1stech li\u0161\u00ed. V Praze 4 bude projekt zah\u00e1jen\u00fd v Bran\u00edku v \u0159\u00edjnu 2025 pokra\u010dovat tak\u00e9 b\u011bhem akademick\u00e9ho roku 2026\u20132027.<\/p>\n<p>Iniciativa, kter\u00e1 vznikla ve spolupr\u00e1ci s m\u011bstskou \u010d\u00e1st\u00ed, \u00dastavem soci\u00e1ln\u00edch slu\u017eeb v Praze 4 a organizac\u00ed Letokruh, uk\u00e1zala, \u017ee spole\u010dn\u00e9 bydlen\u00ed m\u016f\u017ee podporovat vznik nov\u00fdch vztah\u016f a posilovat propojen\u00ed mezi generacemi.<\/p>\n<h2>Jin\u00e1 odpov\u011b\u010f na tlak na bydlen\u00ed v Praze<\/h2>\n<p>Model mezigenera\u010dn\u00edho bydlen\u00ed nenahrazuje tradi\u010dn\u00ed trh s n\u00e1jemn\u00edm bydlen\u00edm v Praze, ale nab\u00edz\u00ed alternativu n\u011bkter\u00fdm student\u016fm, kte\u0159\u00ed hledaj\u00ed cenov\u011b dostupn\u011bj\u0161\u00ed ubytov\u00e1n\u00ed. Z\u00e1rove\u0148 vytv\u00e1\u0159\u00ed p\u0159\u00edle\u017eitosti pro spole\u010densk\u00fd kontakt a praktickou podporu senior\u016f.<\/p>\n<p>Ve m\u011bst\u011b, kde dostupnost bydlen\u00ed z\u016fst\u00e1v\u00e1 d\u016fle\u017eit\u00fdm t\u00e9matem, tyto iniciativy ukazuj\u00ed, \u017ee nov\u00e9 formy spole\u010dn\u00e9ho bydlen\u00ed mohou b\u00fdt sou\u010d\u00e1st\u00ed mo\u017en\u00fdch \u0159e\u0161en\u00ed probl\u00e9m\u016f spojen\u00fdch s bydlen\u00edm v \u010desk\u00e9 metropoli.<\/p>\n","protected":false},"excerpt":{"rendered":"<p>Alternativa k tradi\u010dn\u00edmu trhu s n\u00e1jemn\u00edm bydlen\u00edm Mezigenera\u010dn\u00ed bydlen\u00ed v Praze se st\u00e1v\u00e1 alternativou pro studenty, kte\u0159\u00ed hledaj\u00ed cenov\u011b dostupn\u011bj\u0161\u00ed ubytov\u00e1n\u00ed v \u010desk\u00e9 metropoli. V&#8230;<\/p>\n","protected":false},"author":4,"featured_media":63718,"comment_status":"closed","ping_status":"closed","sticky":false,"template":"","format":"standard","meta":{"inline_featured_image":false,"footnotes":""},"categories":[132],"tags":[780,782,778,781,783,779],"class_list":["post-63724","post","type-post","status-publish","format-standard","has-post-thumbnail","hentry","category-blog","tag-dostupne-bydleni","tag-erasmus-praha","tag-mezigeneracni-bydleni","tag-pronajem-praha","tag-reality-prah","tag-studentske-bydleni-praha"],"_links":{"self":[{"href":"https:\/\/www.dreamville.cz\/cs\/wp-json\/wp\/v2\/posts\/63724","targetHints":{"allow":["GET"]}}],"collection":[{"href":"https:\/\/www.dreamville.cz\/cs\/wp-json\/wp\/v2\/posts"}],"about":[{"href":"https:\/\/www.dreamville.cz\/cs\/wp-json\/wp\/v2\/types\/post"}],"author":[{"embeddable":true,"href":"https:\/\/www.dreamville.cz\/cs\/wp-json\/wp\/v2\/users\/4"}],"replies":[{"embeddable":true,"href":"https:\/\/www.dreamville.cz\/cs\/wp-json\/wp\/v2\/comments?post=63724"}],"version-history":[{"count":1,"href":"https:\/\/www.dreamville.cz\/cs\/wp-json\/wp\/v2\/posts\/63724\/revisions"}],"predecessor-version":[{"id":63725,"href":"https:\/\/www.dreamville.cz\/cs\/wp-json\/wp\/v2\/posts\/63724\/revisions\/63725"}],"wp:featuredmedia":[{"embeddable":true,"href":"https:\/\/www.dreamville.cz\/cs\/wp-json\/wp\/v2\/media\/63718"}],"wp:attachment":[{"href":"https:\/\/www.dreamville.cz\/cs\/wp-json\/wp\/v2\/media?parent=63724"}],"wp:term":[{"taxonomy":"category","embeddable":true,"href":"https:\/\/www.dreamville.cz\/cs\/wp-json\/wp\/v2\/categories?post=63724"},{"taxonomy":"post_tag","embeddable":true,"href":"https:\/\/www.dreamville.cz\/cs\/wp-json\/wp\/v2\/tags?post=63724"}],"curies":[{"name":"wp","href":"https:\/\/api.w.org\/{rel}","templated":true}]}}