{"id":15295,"date":"2023-11-14T08:23:11","date_gmt":"2023-11-14T07:23:11","guid":{"rendered":"https:\/\/dreamville.softmedia.cz\/tassi-di-occupazione-disoccupazione-e-attivita-economica-settembre-2023\/"},"modified":"2024-02-08T09:49:55","modified_gmt":"2024-02-08T08:49:55","slug":"tassi-di-occupazione-disoccupazione-e-attivita-economica-settembre-2023","status":"publish","type":"post","link":"https:\/\/www.dreamville.cz\/it\/tassi-di-occupazione-disoccupazione-e-attivita-economica-settembre-2023\/","title":{"rendered":"Tassi di occupazione, disoccupazione e attivit\u00e0 economica &#8211; settembre 2023"},"content":{"rendered":"\n<p><strong>Tasso di occupazione<\/strong><br>La percentuale di occupati sull&#8217;intera popolazione di et\u00e0 compresa tra 15 e 64 anni ha raggiunto a settembre&nbsp;il 75,1&nbsp;&nbsp;%.&nbsp;Rispetto a settembre 2022 \u00e8 diminuito di 0,7 punti percentuali.&nbsp;Il tasso di occupazione per gli uomini \u00e8 stato dell&#8217;81,5%, per le donne del 68,3%.&nbsp;Il tasso di occupazione per le persone di et\u00e0 compresa tra 15 e 29 anni era del 42,4%, per quelli di et\u00e0 compresa tra 30 e 49 anni dell&#8217;83,1% e per quelli di et\u00e0 compresa tra 50 e 64 anni dell&#8217;81,0%.<\/p>\n\n\n\n<p><strong>Tasso di disoccupazione<\/strong><br>La quota dei disoccupati rispetto agli economicamente attivi, cio\u00e8 la somma degli occupati e dei disoccupati, ha raggiunto a settembre il 2,7%.&nbsp;Su base annua \u00e8 aumentato di 0,4 punti percentuali.&nbsp;Il tasso di disoccupazione per gli uomini ha raggiunto il 2,4%, per le donne il 3,1%.<\/p>\n\n\n\n<p>&#8220;Dal 2017 persiste la situazione in cui la Repubblica Ceca \u00e8 tra i paesi con il tasso di disoccupazione pi\u00f9 basso nell&#8217;Unione europea&#8221;,&nbsp;commenta Marta Petr\u00e1\u0148ov\u00e1, capo del Dipartimento per il lavoro, la migrazione e le pari opportunit\u00e0 della CZSO, commentando i risultati .<\/p>\n\n\n\n<p><strong>Tasso di attivit\u00e0 economica<\/strong><br>La percentuale di persone economicamente attive nella popolazione di et\u00e0 compresa tra 15 e 64 anni ha raggiunto il 77,1%.&nbsp;Rispetto a settembre 2022 \u00e8 diminuito di 0,4 punti percentuali.&nbsp;Il tasso di attivit\u00e0 economica degli uomini (83,4%) ha superato di 13,0 punti percentuali il tasso di attivit\u00e0 economica delle donne (70,5%).<\/p>\n\n\n\n<p><strong>Comparabilit\u00e0 internazionale<\/strong><br>Tutti i dati mostrati sono destagionalizzati.&nbsp;Si riferiscono alla fascia di et\u00e0 15-64 anni.&nbsp;Provengono dall&#8217;indagine sulla selezione delle forze di lavoro (V\u0160PS) condotta dalla rete di indagini della CZSO nelle famiglie e sono metodologicamente diversi dai dati amministrativi dell&#8217;Ufficio del lavoro della Repubblica Ceca sui candidati registrati (in particolare l&#8217;indicatore Quota di disoccupati).<\/p>\n\n\n\n<p>V\u0160PS dispone di una metodologia comparabile a livello internazionale che definisce gli occupati e i disoccupati in conformit\u00e0 con le raccomandazioni dell\u2019Organizzazione Internazionale del Lavoro.&nbsp;La CZSO invia regolarmente i dati di questa indagine a&nbsp;Eurostat&nbsp;, che li utilizza per preparare rapporti mensili sulla disoccupazione per gli Stati membri dell&#8217;UE, ma&nbsp;per la fascia di et\u00e0 15-74 anni.&nbsp;Nel settembre 2023 per la Repubblica Ceca il tasso di disoccupazione in questa fascia di et\u00e0 compresa tra 15 e 74 anni era del 2,7%.<\/p>\n\n\n\n<p>Secondo la metodologia internazionale V\u0160PS l&#8217;indagine viene effettuata solo nelle economie domestiche private, non sono coperte le strutture di accoglienza collettiva e i ricoveri temporanei.<\/p>\n","protected":false},"excerpt":{"rendered":"<p>Tasso di occupazioneLa percentuale di occupati sull&#8217;intera popolazione di et\u00e0 compresa tra 15 e 64 anni ha raggiunto a settembre&nbsp;il 75,1&nbsp;&nbsp;%.&nbsp;Rispetto a settembre 2022 \u00e8&#8230;<\/p>\n","protected":false},"author":3,"featured_media":15296,"comment_status":"closed","ping_status":"closed","sticky":false,"template":"","format":"standard","meta":{"inline_featured_image":false,"footnotes":""},"categories":[111],"tags":[],"class_list":["post-15295","post","type-post","status-publish","format-standard","has-post-thumbnail","hentry","category-news"],"_links":{"self":[{"href":"https:\/\/www.dreamville.cz\/it\/wp-json\/wp\/v2\/posts\/15295","targetHints":{"allow":["GET"]}}],"collection":[{"href":"https:\/\/www.dreamville.cz\/it\/wp-json\/wp\/v2\/posts"}],"about":[{"href":"https:\/\/www.dreamville.cz\/it\/wp-json\/wp\/v2\/types\/post"}],"author":[{"embeddable":true,"href":"https:\/\/www.dreamville.cz\/it\/wp-json\/wp\/v2\/users\/3"}],"replies":[{"embeddable":true,"href":"https:\/\/www.dreamville.cz\/it\/wp-json\/wp\/v2\/comments?post=15295"}],"version-history":[{"count":1,"href":"https:\/\/www.dreamville.cz\/it\/wp-json\/wp\/v2\/posts\/15295\/revisions"}],"predecessor-version":[{"id":15415,"href":"https:\/\/www.dreamville.cz\/it\/wp-json\/wp\/v2\/posts\/15295\/revisions\/15415"}],"wp:featuredmedia":[{"embeddable":true,"href":"https:\/\/www.dreamville.cz\/it\/wp-json\/wp\/v2\/media\/15296"}],"wp:attachment":[{"href":"https:\/\/www.dreamville.cz\/it\/wp-json\/wp\/v2\/media?parent=15295"}],"wp:term":[{"taxonomy":"category","embeddable":true,"href":"https:\/\/www.dreamville.cz\/it\/wp-json\/wp\/v2\/categories?post=15295"},{"taxonomy":"post_tag","embeddable":true,"href":"https:\/\/www.dreamville.cz\/it\/wp-json\/wp\/v2\/tags?post=15295"}],"curies":[{"name":"wp","href":"https:\/\/api.w.org\/{rel}","templated":true}]}}