{"id":63863,"date":"2026-09-02T11:52:25","date_gmt":"2026-09-02T09:52:25","guid":{"rendered":"https:\/\/www.dreamville.cz\/?p=63863"},"modified":"2026-09-02T11:52:25","modified_gmt":"2026-09-02T09:52:25","slug":"affitti-a-praga-nel-2026-quali-quartieri-costano-di-piu-e-dove-stanno-crescendo-i-prezzi","status":"publish","type":"post","link":"https:\/\/www.dreamville.cz\/it\/affitti-a-praga-nel-2026-quali-quartieri-costano-di-piu-e-dove-stanno-crescendo-i-prezzi\/","title":{"rendered":"Affitti a Praga nel 2026: quali quartieri costano di pi\u00f9 e dove stanno crescendo i prezzi"},"content":{"rendered":"<h2>Il mercato degli affitti a Praga rallenta nel secondo trimestre<\/h2>\n<p>Il mercato degli <strong>affitti a Praga nel 2026<\/strong> mostra i primi segnali di stabilizzazione dopo diversi trimestri caratterizzati da una crescita sostenuta. Secondo il Deloitte Rent Index relativo al secondo trimestre del 2026, il canone medio nella capitale ceca \u00e8 sceso dello <strong>0,9% rispetto al trimestre precedente<\/strong>, attestandosi a circa <strong>462 CZK al metro quadrato al mese<\/strong>. La diminuzione rimane contenuta e non rappresenta necessariamente un&#8217;inversione strutturale del mercato. Praga continua infatti a essere nettamente il mercato degli affitti pi\u00f9 costoso della Repubblica Ceca, sostenuto da una domanda abitativa elevata e da differenze significative tra le diverse zone della citt\u00e0.<\/p>\n<h2>Praha 7 \u00e8 la zona con gli affitti pi\u00f9 elevati<\/h2>\n<p>Le differenze tra i quartieri sono particolarmente evidenti osservando i <strong>prezzi degli affitti a Praga<\/strong> per metro quadrato. Nel secondo trimestre del 2026, <strong>Praha 7<\/strong> registra il valore medio pi\u00f9 alto della capitale, pari a circa <strong>493 CZK\/m\u00b2 al mese<\/strong>. Seguono Praha 1 con 490 CZK\/m\u00b2 e Praha 2 con 482 CZK\/m\u00b2. Si conferma quindi il forte interesse verso le zone centrali e semicentrali, dove la posizione, i collegamenti con i mezzi pubblici, la presenza di servizi e la qualit\u00e0 dell&#8217;ambiente urbano contribuiscono generalmente a sostenere canoni pi\u00f9 elevati.<\/p>\n<h2>Praha 9 registra la crescita pi\u00f9 rapida<\/h2>\n<p>Il dato forse pi\u00f9 interessante riguarda per\u00f2 <strong>Praha 9<\/strong>, che nel secondo trimestre ha registrato l&#8217;aumento pi\u00f9 consistente della capitale: <strong>+3,8% su base trimestrale<\/strong>, portando il canone medio a circa <strong>468 CZK\/m\u00b2<\/strong>. Il risultato mostra come il mercato immobiliare praghese non sia pi\u00f9 concentrato esclusivamente nelle zone centrali. Quartieri ben collegati, interessati da nuovi progetti residenziali e dotati di servizi possono attirare una quota crescente della domanda. Per proprietari e investitori diventa quindi importante osservare non soltanto il livello attuale degli affitti, ma anche la velocit\u00e0 con cui si stanno modificando i prezzi nelle diverse aree.<\/p>\n<h2>Dove gli affitti sono pi\u00f9 contenuti<\/h2>\n<p>Tra i distretti analizzati, <strong>Praha 10<\/strong> presenta un canone medio di circa <strong>442 CZK\/m\u00b2<\/strong>, mentre Praha 4 si colloca a circa 443 CZK\/m\u00b2. Nel secondo trimestre entrambe hanno inoltre registrato una diminuzione: rispettivamente del 2% e del 2,2%. La correzione pi\u00f9 significativa \u00e8 stata invece osservata a Praha 1, dove i prezzi sono diminuiti del 3% rispetto al trimestre precedente. Anche Praha 8 ha registrato un calo del 2,9%. Questi dati evidenziano quanto sia importante valutare il mercato degli <strong>affitti a Praga quartiere per quartiere<\/strong>, evitando di utilizzare la sola media cittadina come riferimento.<\/p>\n<h2>Cosa aspettarsi dal mercato degli affitti a Praga<\/h2>\n<p>Il lieve calo registrato nel secondo trimestre non significa necessariamente che affittare casa a Praga diventer\u00e0 sensibilmente pi\u00f9 economico. Deloitte interpreta l&#8217;attuale andamento come una possibile correzione dopo una fase di crescita pi\u00f9 dinamica, mentre la domanda nella capitale rimane forte. Per chi cerca un appartamento, confrontare quartieri diversi pu\u00f2 quindi fare una differenza significativa sul canone mensile. Per proprietari e investitori, invece, conoscere l&#8217;evoluzione dei singoli distretti consente di valutare meglio il rendimento potenziale dell&#8217;immobile. Nel 2026, il <strong>mercato degli affitti a Praga<\/strong> continua quindi a essere competitivo, ma sempre pi\u00f9 caratterizzato da dinamiche differenti tra una zona e l&#8217;altra.<\/p>\n<p>Fonte: Deloitte Rent Index \u2013 Q2 2026, pubblicato ad agosto 2026 \u00a0<a href=\"https:\/\/www.deloitte.com\/cz-sk\/en\/Industries\/real-estate\/collections\/rent-index.html?utm_source=chatgpt.com\" target=\"_blank\" rel=\"noopener\">Deloitte Rent Index Q2 2026<\/a><\/p>\n<p>Ai immagine<\/p>\n","protected":false},"excerpt":{"rendered":"<p>Il mercato degli affitti a Praga rallenta nel secondo trimestre Il mercato degli affitti a Praga nel 2026 mostra i primi segnali di stabilizzazione dopo&#8230;<\/p>\n","protected":false},"author":4,"featured_media":63864,"comment_status":"closed","ping_status":"closed","sticky":false,"template":"","format":"standard","meta":{"inline_featured_image":false,"footnotes":""},"categories":[107,177,111],"tags":[793,794,798,802,797,796,800,801,795,799],"class_list":["post-63863","post","type-post","status-publish","format-standard","has-post-thumbnail","hentry","category-articoli","category-blog-it","category-news","tag-affitti-a-praga","tag-affitti-praga-2026","tag-appartamenti-in-affitto-praga","tag-investimento-immobiliare-praga","tag-mercato-degli-affitti-praga","tag-mercato-immobiliare-praga","tag-praha-7","tag-praha-9","tag-prezzi-affitti-praga","tag-quartieri-di-praga"],"_links":{"self":[{"href":"https:\/\/www.dreamville.cz\/it\/wp-json\/wp\/v2\/posts\/63863","targetHints":{"allow":["GET"]}}],"collection":[{"href":"https:\/\/www.dreamville.cz\/it\/wp-json\/wp\/v2\/posts"}],"about":[{"href":"https:\/\/www.dreamville.cz\/it\/wp-json\/wp\/v2\/types\/post"}],"author":[{"embeddable":true,"href":"https:\/\/www.dreamville.cz\/it\/wp-json\/wp\/v2\/users\/4"}],"replies":[{"embeddable":true,"href":"https:\/\/www.dreamville.cz\/it\/wp-json\/wp\/v2\/comments?post=63863"}],"version-history":[{"count":1,"href":"https:\/\/www.dreamville.cz\/it\/wp-json\/wp\/v2\/posts\/63863\/revisions"}],"predecessor-version":[{"id":63867,"href":"https:\/\/www.dreamville.cz\/it\/wp-json\/wp\/v2\/posts\/63863\/revisions\/63867"}],"wp:featuredmedia":[{"embeddable":true,"href":"https:\/\/www.dreamville.cz\/it\/wp-json\/wp\/v2\/media\/63864"}],"wp:attachment":[{"href":"https:\/\/www.dreamville.cz\/it\/wp-json\/wp\/v2\/media?parent=63863"}],"wp:term":[{"taxonomy":"category","embeddable":true,"href":"https:\/\/www.dreamville.cz\/it\/wp-json\/wp\/v2\/categories?post=63863"},{"taxonomy":"post_tag","embeddable":true,"href":"https:\/\/www.dreamville.cz\/it\/wp-json\/wp\/v2\/tags?post=63863"}],"curies":[{"name":"wp","href":"https:\/\/api.w.org\/{rel}","templated":true}]}}